{"id":156,"date":"2025-07-28T06:02:26","date_gmt":"2025-07-28T06:02:26","guid":{"rendered":"https:\/\/lonsperch.com\/?p=156"},"modified":"2025-07-28T06:02:28","modified_gmt":"2025-07-28T06:02:28","slug":"ableben-di-guenter-wronski","status":"publish","type":"post","link":"https:\/\/lonsperch.com\/?p=156","title":{"rendered":"Ableben DI G\u00fcnter Wronski"},"content":{"rendered":"\n<p>Liebe Bundes und Kartellbr\u00fcder,<\/p>\n\n\n\n<p>Am Samstag, den 28.6.2025 verstarb unser Bundesbruder Dipl. Ing. G\u00fcnter Wronski v\/o W\u00fcrstel. Bundesbruder W\u00fcrstel wurde in Deutschland geboren, war Mitglied der K.D.St.V. Langobardia M\u00fcnchen zu Bayreuth im CV sowie der Babenberg Graz. Neben weiteren MKV-Verbindungen war er auch Mitglied unserer Lonsperch. Die Trauerfeier findet in der Feuerhalle der Bestattung Graz, am Dienstag, den 15.7. 2025 beginnend um 10:00 Uhr statt.&nbsp;&nbsp;&nbsp;&nbsp;&nbsp;&nbsp;&nbsp;&nbsp;&nbsp;&nbsp;&nbsp;&nbsp;&nbsp;&nbsp;&nbsp;&nbsp;&nbsp;&nbsp;&nbsp;&nbsp;&nbsp;&nbsp;&nbsp;&nbsp;&nbsp;&nbsp;&nbsp;&nbsp;&nbsp;&nbsp;&nbsp;&nbsp;&nbsp;&nbsp;&nbsp;&nbsp;&nbsp;&nbsp;&nbsp;&nbsp;&nbsp;&nbsp;&nbsp;&nbsp;&nbsp;&nbsp;&nbsp;&nbsp;&nbsp;&nbsp;&nbsp;&nbsp;&nbsp;&nbsp;&nbsp;&nbsp;&nbsp;&nbsp;&nbsp;&nbsp;&nbsp;&nbsp;&nbsp;&nbsp;&nbsp;&nbsp;&nbsp;&nbsp;&nbsp;&nbsp;&nbsp;&nbsp;&nbsp;&nbsp;&nbsp;&nbsp;&nbsp;&nbsp;&nbsp;&nbsp;&nbsp;&nbsp;&nbsp;&nbsp;&nbsp;&nbsp;&nbsp;&nbsp;&nbsp;&nbsp;&nbsp;&nbsp;&nbsp;&nbsp;&nbsp;&nbsp;&nbsp;&nbsp;&nbsp;&nbsp;&nbsp;&nbsp;&nbsp;&nbsp;&nbsp;&nbsp; Beiliegend findet Ihr die Traueranzeige aus Kleinen Zeitung.<\/p>\n\n\n\n<p>Seitens der Angeh\u00f6rigen ist eine Begleitung anl\u00e4sslich der Verabschiedung in Couleur erw\u00fcnscht.<\/p>\n\n\n\n<h5 class=\"wp-block-heading\"><\/h5>\n\n\n\n<p><\/p>\n","protected":false},"excerpt":{"rendered":"<p>Liebe Bundes und Kartellbr\u00fcder, Am Samstag, den 28.6.2025 verstarb unser Bundesbruder Dipl. Ing. G\u00fcnter Wronski v\/o W\u00fcrstel. Bundesbruder W\u00fcrstel wurde in Deutschland geboren, war Mitglied der K.D.St.V. Langobardia M\u00fcnchen zu Bayreuth im CV sowie der Babenberg Graz. Neben weiteren MKV-Verbindungen war er auch Mitglied unserer Lonsperch. Die Trauerfeier findet in [&hellip;]<\/p>\n","protected":false},"author":1,"featured_media":157,"comment_status":"closed","ping_status":"closed","sticky":false,"template":"","format":"standard","meta":{"footnotes":""},"categories":[3],"tags":[],"class_list":["post-156","post","type-post","status-publish","format-standard","has-post-thumbnail","hentry","category-lod"],"_links":{"self":[{"href":"https:\/\/lonsperch.com\/index.php?rest_route=\/wp\/v2\/posts\/156","targetHints":{"allow":["GET"]}}],"collection":[{"href":"https:\/\/lonsperch.com\/index.php?rest_route=\/wp\/v2\/posts"}],"about":[{"href":"https:\/\/lonsperch.com\/index.php?rest_route=\/wp\/v2\/types\/post"}],"author":[{"embeddable":true,"href":"https:\/\/lonsperch.com\/index.php?rest_route=\/wp\/v2\/users\/1"}],"replies":[{"embeddable":true,"href":"https:\/\/lonsperch.com\/index.php?rest_route=%2Fwp%2Fv2%2Fcomments&post=156"}],"version-history":[{"count":1,"href":"https:\/\/lonsperch.com\/index.php?rest_route=\/wp\/v2\/posts\/156\/revisions"}],"predecessor-version":[{"id":158,"href":"https:\/\/lonsperch.com\/index.php?rest_route=\/wp\/v2\/posts\/156\/revisions\/158"}],"wp:featuredmedia":[{"embeddable":true,"href":"https:\/\/lonsperch.com\/index.php?rest_route=\/wp\/v2\/media\/157"}],"wp:attachment":[{"href":"https:\/\/lonsperch.com\/index.php?rest_route=%2Fwp%2Fv2%2Fmedia&parent=156"}],"wp:term":[{"taxonomy":"category","embeddable":true,"href":"https:\/\/lonsperch.com\/index.php?rest_route=%2Fwp%2Fv2%2Fcategories&post=156"},{"taxonomy":"post_tag","embeddable":true,"href":"https:\/\/lonsperch.com\/index.php?rest_route=%2Fwp%2Fv2%2Ftags&post=156"}],"curies":[{"name":"wp","href":"https:\/\/api.w.org\/{rel}","templated":true}]}}